{"id":6543,"date":"2026-04-17T09:49:24","date_gmt":"2026-04-17T09:49:24","guid":{"rendered":"https:\/\/www.psicotec.com\/formacao-em-diversidade-equidade-e-inclusao-como-passar-de-iniciativas-a-realidades\/"},"modified":"2026-04-21T09:34:03","modified_gmt":"2026-04-21T09:34:03","slug":"formacao-em-diversidade-0426","status":"publish","type":"post","link":"https:\/\/www.psicotec.com\/pt\/formacao-em-diversidade-0426\/","title":{"rendered":"Forma\u00e7\u00e3o em Diversidade, Equidade e Inclus\u00e3o: como passar de iniciativas a realidades"},"content":{"rendered":"\n<p>A <strong>Forma\u00e7\u00e3o em Diversidade, Equidade e Inclus\u00e3o (DEI) <\/strong>consolidou-se como uma alavanca estrat\u00e9gica imprescind\u00edvel para as organiza\u00e7\u00f5es que aspiram construir ambientes de trabalho sustent\u00e1veis, inovadores e alinhados com a realidade social atual.<\/p>\n\n<p>No entanto, o verdadeiro desafio j\u00e1 n\u00e3o \u00e9 incorporar a diversidade e a inclus\u00e3o na agenda, mas sim transform\u00e1-las numa pr\u00e1tica real dentro da organiza\u00e7\u00e3o.<\/p>\n\n<p>Num mercado cada vez mais competitivo e global, n\u00e3o basta declarar valores DEI: as empresas precisam de os traduzir em comportamentos, decis\u00f5es e processos concretos que tenham impacto no neg\u00f3cio e na experi\u00eancia das pessoas.<\/p>\n\n<p>Ainda assim, muitas organiza\u00e7\u00f5es continuam a operar a partir de uma l\u00f3gica de iniciativas isoladas \u2014 palestras, campanhas ou a\u00e7\u00f5es pontuais \u2014 que, embora necess\u00e1rias e positivas, n\u00e3o conseguem gerar um impacto profundo nem sustentado.<\/p>\n\n<p>O salto qualitativo consiste em evoluir destas a\u00e7\u00f5es para um modelo estruturado que integre estes valores DEI no ADN corporativo. E \u00e9 precisamente neste ponto que a forma\u00e7\u00e3o assume um papel-chave. <\/p>\n\n<div style=\"height:10px\" aria-hidden=\"true\" class=\"wp-block-spacer\"><\/div>\n\n<h2 class=\"wp-block-heading\">Da sensibiliza\u00e7\u00e3o \u00e0 transforma\u00e7\u00e3o cultural<\/h2>\n\n<p>Abordar a diversidade e a inclus\u00e3o implica muito mais do que cumprir requisitos normativos ou responder a expectativas externas. Sup\u00f5e trabalhar a cultura organizacional, entendida como o conjunto de valores, cren\u00e7as e comportamentos que definem como se tomam decis\u00f5es e como as pessoas interagem no dia a dia da organiza\u00e7\u00e3o. <\/p>\n\n<p>A <strong>Forma\u00e7\u00e3o em Diversidade, Equidade e Inclus\u00e3o <\/strong>deve ser desenhada com uma vis\u00e3o integral e progressiva.<\/p>\n\n<p>Numa primeira fase, \u00e9 necess\u00e1rio gerar consci\u00eancia. As pessoas precisam e devem compreender o que significa realmente a diversidade \u2014 para l\u00e1 dos aspetos vis\u00edveis \u2014 e como os vieses inconscientes influenciam todos os contextos de decis\u00e3o cr\u00edtica, como a sele\u00e7\u00e3o, a avalia\u00e7\u00e3o ou a promo\u00e7\u00e3o interna. <\/p>\n\n<p>Mas a sensibiliza\u00e7\u00e3o, por si s\u00f3, n\u00e3o transforma organiza\u00e7\u00f5es.<\/p>\n\n<p>Para avan\u00e7ar para ambientes verdadeiramente inclusivos, \u00e9 imprescind\u00edvel desenvolver compet\u00eancias que se traduzam em comportamentos reais:<\/p>\n\n<ul class=\"wp-block-list\">\n<li>Comunica\u00e7\u00e3o inclusiva e cria\u00e7\u00e3o de seguran\u00e7a psicol\u00f3gica.<\/li>\n\n\n\n<li>Tomada de decis\u00e3o equitativa e livre de vieses.<\/li>\n\n\n\n<li>Gest\u00e3o de equipas diversas.<\/li>\n\n\n\n<li>Lideran\u00e7a inclusiva orientada para resultados.<\/li>\n<\/ul>\n\n<p>Al\u00e9m disso, a forma\u00e7\u00e3o deve ser acompanhada por uma revis\u00e3o dos processos organizacionais. Se os sistemas de gest\u00e3o de pessoas n\u00e3o estiverem alinhados com os princ\u00edpios de diversidade, equidade e inclus\u00e3o, o impacto da forma\u00e7\u00e3o ser\u00e1 limitado. <\/p>\n\n<p>Por isso, \u00e9 essencial integrar estes valores DEI em todas as fases do ciclo de vida do talento, uma vez que estes se consolidam na forma como o talento \u00e9 gerido no dia a dia.<\/p>\n\n<div style=\"height:10px\" aria-hidden=\"true\" class=\"wp-block-spacer\"><\/div>\n\n<h2 class=\"wp-block-heading\">Principais desafios na implementa\u00e7\u00e3o da diversidade, equidade e inclus\u00e3o<\/h2>\n\n<p>O caminho para uma inclus\u00e3o efetiva n\u00e3o est\u00e1 isento de desafios e dificuldades, e compreend\u00ea-los \u00e9 fundamental para os ultrapassar com sucesso.<\/p>\n\n<p>Um dos principais desafios \u00e9 a aus\u00eancia de uma estrat\u00e9gia clara. Quando as iniciativas n\u00e3o respondem a uma abordagem estruturada, o seu impacto dilui-se e perde continuidade. <\/p>\n\n<p>A isto soma-se a resist\u00eancia \u00e0 mudan\u00e7a. A diversidade, equidade e inclus\u00e3o implicam questionar pr\u00e1ticas e cren\u00e7as enraizadas e rever modelos de decis\u00e3o, o que pode gerar incerteza ou at\u00e9 rejei\u00e7\u00e3o se n\u00e3o for bem gerido. Gerir este processo exige sensibilidade, comunica\u00e7\u00e3o e acompanhamento.  <\/p>\n\n<p>Outro aspeto cr\u00edtico \u00e9 a falta de medi\u00e7\u00e3o. Sem indicadores claros, torna-se dif\u00edcil avaliar o impacto das a\u00e7\u00f5es ou identificar \u00e1reas de melhoria. <\/p>\n\n<p>Por fim, muitas organiza\u00e7\u00f5es caem em abordagens superficiais ou simb\u00f3licas. Quando os valores DEI ficam apenas no plano declarativo, podem gerar desconfian\u00e7a e at\u00e9 um efeito contr\u00e1rio ao desejado. <\/p>\n\n<div style=\"height:10px\" aria-hidden=\"true\" class=\"wp-block-spacer\"><\/div>\n\n<h2 class=\"wp-block-heading\">Vantagens de contar com um programa de Forma\u00e7\u00e3o em Diversidade, Equidade e Inclus\u00e3o na sua organiza\u00e7\u00e3o<\/h2>\n\n<p class=\"has-link-color wp-elements-db4d1a3de08e8e6d504d7daa61abd053\">Tal como referem organismos internacionais como a<strong> <a href=\"https:\/\/www.ilo.org\/\" target=\"_blank\" rel=\"noopener\">Organiza\u00e7\u00e3o Internacional do Trabalho (OIT)<\/a>, <\/strong>as pol\u00edticas de diversidade e inclus\u00e3o bem implementadas n\u00e3o s\u00f3 promovem a equidade, como tamb\u00e9m melhoram o desempenho organizacional e a sustentabilidade empresarial. Na mesma linha, diversas an\u00e1lises publicadas na <strong><a href=\"https:\/\/hbr.org\/topic\/subject\/diversity-and-inclusion\" target=\"_blank\" rel=\"noopener\">Harvard Business Review <\/a><\/strong>sublinham que a diversidade nas equipas contribui para melhorar a qualidade da tomada de decis\u00e3o ao incorporar perspetivas mais amplas. Isto refor\u00e7a, se necess\u00e1rio fosse, a import\u00e2ncia de abordar a diversidade de forma estruturada e estrat\u00e9gica.  <\/p>\n\n<p>Neste sentido, implementar um programa estruturado de <strong>Forma\u00e7\u00e3o em Diversidade, Equidade e Inclus\u00e3o<\/strong> tem um impacto direto no desempenho organizacional e na sustentabilidade do neg\u00f3cio.<\/p>\n\n<p>Em primeiro lugar, melhora o clima organizacional e o n\u00edvel de engagement. As pessoas que percecionam um ambiente inclusivo, onde a sua singularidade \u00e9 valorizada, apresentam maiores n\u00edveis de motiva\u00e7\u00e3o e perten\u00e7a. <\/p>\n\n<p>Al\u00e9m disso, a diversidade bem gerida traduz-se numa maior capacidade de inova\u00e7\u00e3o. Equipas com perfis diversos trazem perspetivas complementares que enriquecem a an\u00e1lise de problemas e a tomada de decis\u00e3o. <\/p>\n\n<p>Contribui tamb\u00e9m para o bem-estar organizacional, reduzindo riscos psicossociais como a ambiguidade de papel, a sobrecarga ou a falta de alinhamento. Este impacto reflete-se n\u00e3o s\u00f3 nas pessoas, mas tamb\u00e9m na efici\u00eancia operacional. <\/p>\n\n<p>Do ponto de vista do talento, a inclus\u00e3o tornou-se um fator diferenciador. As organiza\u00e7\u00f5es que promovem ambientes inclusivos t\u00eam maior capacidade para atrair e reter profissionais. <\/p>\n\n<p>Al\u00e9m disso, a diversidade permite uma melhor adapta\u00e7\u00e3o a mercados globais e heterog\u00e9neos. As empresas que compreendem a diversidade das suas equipas e dos seus clientes est\u00e3o melhor posicionadas para responder \u00e0s suas necessidades. <\/p>\n\n<p>Por outro lado, a forma\u00e7\u00e3o nesta \u00e1rea impulsiona modelos de lideran\u00e7a mais eficazes. Os l\u00edderes inclusivos conseguem gerir a diversidade das suas equipas, potenciando o desenvolvimento individual e coletivo. <\/p>\n\n<div style=\"height:10px\" aria-hidden=\"true\" class=\"wp-block-spacer\"><\/div>\n\n<h2 class=\"wp-block-heading\">A import\u00e2ncia de uma metodologia rigorosa e adaptada<\/h2>\n\n<p>Para que a <strong>Forma\u00e7\u00e3o em Diversidade, Equidade e Inclus\u00e3o <\/strong>gere resultados reais, \u00e9 imprescind\u00edvel uma metodologia estruturada e adaptada a cada organiza\u00e7\u00e3o. N\u00e3o existem solu\u00e7\u00f5es universais: cada empresa tem o seu pr\u00f3prio contexto, cultura e desafios. <\/p>\n\n<p>O ponto de partida deve ser sempre um diagn\u00f3stico que permita identificar:<\/p>\n\n<ul class=\"wp-block-list\">\n<li>O n\u00edvel atual de maturidade em diversidade, equidade e inclus\u00e3o.<\/li>\n\n\n\n<li>As compet\u00eancias de lideran\u00e7a existentes.<\/li>\n\n\n\n<li>Os principais riscos e oportunidades.<\/li>\n\n\n\n<li>Objetivos.<\/li>\n<\/ul>\n\n<p>A partir daqui, s\u00e3o desenhados percursos adaptados aos diferentes n\u00edveis da organiza\u00e7\u00e3o, combinando forma\u00e7\u00e3o, acompanhamento e trabalho sobre situa\u00e7\u00f5es reais.<\/p>\n\n<p>As metodologias experienciais s\u00e3o particularmente eficazes para trabalhar vieses e din\u00e2micas de equipa, enquanto o coaching e o mentoring facilitam a transfer\u00eancia para o posto de trabalho.<\/p>\n\n<p><strong>Os programas com maior impacto s\u00e3o aqueles que:<\/strong><\/p>\n\n<ul class=\"wp-block-list\">\n<li>Conectam com desafios reais do neg\u00f3cio.<\/li>\n\n\n\n<li>Trabalham o autoconhecimento e a tomada de decis\u00e3o.<\/li>\n\n\n\n<li>Garantem a aplica\u00e7\u00e3o pr\u00e1tica.<\/li>\n\n\n\n<li>E, sobretudo, integram a forma\u00e7\u00e3o com a transforma\u00e7\u00e3o dos processos organizacionais.<\/li>\n<\/ul>\n\n<p>Al\u00e9m disso, \u00e9 fundamental estabelecer indicadores que permitam medir o impacto da forma\u00e7\u00e3o e realizar um acompanhamento cont\u00ednuo. Esta abordagem garante a sustentabilidade dos resultados e facilita a tomada de decis\u00e3o baseada em dados. <\/p>\n\n<div style=\"height:10px\" aria-hidden=\"true\" class=\"wp-block-spacer\"><\/div>\n\n<h2 class=\"wp-block-heading\">Conclus\u00e3o: A Forma\u00e7\u00e3o em Diversidade, Equidade e Inclus\u00e3o como motor de mudan\u00e7a organizacional<\/h2>\n\n<p>A <strong>Forma\u00e7\u00e3o em Diversidade, Equidade e Inclus\u00e3o<\/strong> n\u00e3o \u00e9 uma iniciativa pontual, mas sim uma alavanca de transforma\u00e7\u00e3o organizacional \u2014 uma oportunidade \u00fanica para evoluir para modelos mais humanos, eficientes e sustent\u00e1veis, necess\u00e1rios para enfrentar os desafios atuais e futuros.<\/p>\n\n<p><strong>O verdadeiro impacto<\/strong> n\u00e3o ocorre na sensibiliza\u00e7\u00e3o, mas na <strong>capacidade de traduzir a diversidade em decis\u00f5es, comportamentos e resultados.<\/strong><\/p>\n\n<p>Passar de iniciativas a realidades implica trabalhar de forma integrada a cultura, as pessoas, a lideran\u00e7a e os processos, com uma abordagem coerente e sustent\u00e1vel no tempo.<\/p>\n\n<p>Neste contexto, contar com o apoio de uma consultora especializada permite acelerar o processo e garantir que as a\u00e7\u00f5es implementadas geram um impacto real e mensur\u00e1vel. Porque <strong>hoje, mais do que nunca, a diferen\u00e7a n\u00e3o est\u00e1 em declarar a diversidade, mas em como ela \u00e9 gerida e liderada.<\/strong> <\/p>\n\n<p><strong>Vamos falar sobre como impulsionar a Forma\u00e7\u00e3o em Diversidade, Equidade e Inclus\u00e3o na sua organiza\u00e7\u00e3o?<\/strong><\/p>\n\n<p class=\"has-link-color wp-elements-0de396076eca52841c8caa3eba4fcadb\">Na <strong><a href=\"https:\/\/www.psicotec.com\/pt\">Psicotec<\/a><\/strong>, a partir da<strong><a href=\"http:\/\/www.psicotec.com\/soluciones\/formacion\"> \u00c1rea de Forma\u00e7\u00e3o e Desenvolvimento do Talento<\/a><\/strong>, acompanhamos as organiza\u00e7\u00f5es no desenho e implementa\u00e7\u00e3o de programas de <strong>Forma\u00e7\u00e3o em Diversidade, Equidade<\/strong> e Inclus\u00e3o adaptados \u00e0s suas necessidades espec\u00edficas.<\/p>\n\n<p>Nuestro enfoque combina diagn\u00f3stico, desarrollo de competencias y alineaci\u00f3n con los procesos organizativos, asegurando un impacto real y medible.<\/p>\n\n<p>Se a sua organiza\u00e7\u00e3o quer avan\u00e7ar para uma cultura verdadeiramente inclusiva e transformar iniciativas em resultados tang\u00edveis, teremos todo o gosto em acompanh\u00e1-la neste caminho.<\/p>\n\n<div style=\"height:10px\" aria-hidden=\"true\" class=\"wp-block-spacer\"><\/div>\n\n<div class=\"wp-block-buttons is-layout-flex wp-block-buttons-is-layout-flex\">\n<div class=\"wp-block-button\"><a class=\"wp-block-button__link has-white-color has-black-background-color has-text-color has-background has-link-color wp-element-button\" href=\"https:\/\/www.psicotec.com\/pt\/contato\/\"><strong>Entre em contato com a Psicotec aqui<\/strong><\/a><\/div>\n<\/div>\n\n<p><\/p>\n","protected":false},"excerpt":{"rendered":"<p>A Forma\u00e7\u00e3o em Diversidade, Equidade e Inclus\u00e3o (DEI) consolidou-se como uma alavanca estrat\u00e9gica imprescind\u00edvel para as organiza\u00e7\u00f5es que aspiram construir ambientes de trabalho sustent\u00e1veis, inovadores e alinhados com a realidade social atual. No entanto, o verdadeiro desafio j\u00e1 n\u00e3o \u00e9 incorporar a diversidade e a inclus\u00e3o na agenda, mas sim transform\u00e1-las numa pr\u00e1tica real dentro [&hellip;]<\/p>\n","protected":false},"author":3,"featured_media":6534,"comment_status":"closed","ping_status":"open","sticky":false,"template":"","format":"standard","meta":{"footnotes":""},"categories":[95,18,96],"tags":[],"class_list":["post-6543","post","type-post","status-publish","format-standard","has-post-thumbnail","hentry","category-blog-pt","category-desarrollo","category-desenvolvimento"],"_links":{"self":[{"href":"https:\/\/www.psicotec.com\/pt\/wp-json\/wp\/v2\/posts\/6543","targetHints":{"allow":["GET"]}}],"collection":[{"href":"https:\/\/www.psicotec.com\/pt\/wp-json\/wp\/v2\/posts"}],"about":[{"href":"https:\/\/www.psicotec.com\/pt\/wp-json\/wp\/v2\/types\/post"}],"author":[{"embeddable":true,"href":"https:\/\/www.psicotec.com\/pt\/wp-json\/wp\/v2\/users\/3"}],"replies":[{"embeddable":true,"href":"https:\/\/www.psicotec.com\/pt\/wp-json\/wp\/v2\/comments?post=6543"}],"version-history":[{"count":1,"href":"https:\/\/www.psicotec.com\/pt\/wp-json\/wp\/v2\/posts\/6543\/revisions"}],"predecessor-version":[{"id":6544,"href":"https:\/\/www.psicotec.com\/pt\/wp-json\/wp\/v2\/posts\/6543\/revisions\/6544"}],"wp:featuredmedia":[{"embeddable":true,"href":"https:\/\/www.psicotec.com\/pt\/wp-json\/wp\/v2\/media\/6534"}],"wp:attachment":[{"href":"https:\/\/www.psicotec.com\/pt\/wp-json\/wp\/v2\/media?parent=6543"}],"wp:term":[{"taxonomy":"category","embeddable":true,"href":"https:\/\/www.psicotec.com\/pt\/wp-json\/wp\/v2\/categories?post=6543"},{"taxonomy":"post_tag","embeddable":true,"href":"https:\/\/www.psicotec.com\/pt\/wp-json\/wp\/v2\/tags?post=6543"}],"curies":[{"name":"wp","href":"https:\/\/api.w.org\/{rel}","templated":true}]}}