{"id":6539,"date":"2026-04-08T14:27:03","date_gmt":"2026-04-08T14:27:03","guid":{"rendered":"https:\/\/www.psicotec.com\/lideranca-em-ambientes-diversos-competencias-criticas\/"},"modified":"2026-04-21T08:48:19","modified_gmt":"2026-04-21T08:48:19","slug":"lideranca-em-ambientes-diversos-0426","status":"publish","type":"post","link":"https:\/\/www.psicotec.com\/pt\/lideranca-em-ambientes-diversos-0426\/","title":{"rendered":"Lideran\u00e7a em ambientes diversos: compet\u00eancias cr\u00edticas"},"content":{"rendered":"\n<p>Num contexto empresarial cada vez mais global, din\u00e2mico e plural, a <strong>lideran\u00e7a em ambientes diversos<\/strong> consolidou-se como uma prioridade estrat\u00e9gica fundamental para as organiza\u00e7\u00f5es. A diversidade \u2014 entendida num sentido amplo que abrange cultura, g\u00e9nero, gera\u00e7\u00f5es, capacidades, experi\u00eancias e formas de pensar \u2014 j\u00e1 n\u00e3o \u00e9 uma op\u00e7\u00e3o, mas sim uma realidade inerente \u00e0s equipas de trabalho atuais. Neste cen\u00e1rio, o papel da lideran\u00e7a ganha uma nova dimens\u00e3o: j\u00e1 n\u00e3o basta gerir, \u00e9 imprescind\u00edvel saber integrar, potenciar e alinhar essa diversidade em torno de objetivos comuns.  <\/p>\n\n<p>No entanto, o verdadeiro desafio n\u00e3o \u00e9 ter equipas diversas, mas sim saber lider\u00e1-las de forma eficaz e coerente. \u00c9 aqui que se estabelece a diferen\u00e7a entre organiza\u00e7\u00f5es que simplesmente convivem com a diversidade e aquelas que a transformam numa verdadeira vantagem competitiva. <\/p>\n\n<p>Hoje, a lideran\u00e7a n\u00e3o deve apenas alinhar equipas para objetivos, mas tamb\u00e9m garantir ambientes inclusivos, seguros, sustent\u00e1veis e coerentes com as exig\u00eancias normativas e sociais atuais.<\/p>\n\n<div style=\"height:10px\" aria-hidden=\"true\" class=\"wp-block-spacer\"><\/div>\n\n<h2 class=\"wp-block-heading\">A evolu\u00e7\u00e3o da lideran\u00e7a em ambientes diversos<\/h2>\n\n<p>O modelo tradicional de lideran\u00e7a, baseado em estruturas hier\u00e1rquicas e estilos homog\u00e9neos, revela-se insuficiente perante a complexidade atual. Liderar hoje implica gerir a incerteza, integrar perspetivas diversas e construir culturas organizacionais onde todas as pessoas possam contribuir com o seu m\u00e1ximo valor. <\/p>\n\n<p class=\"has-link-color wp-elements-4d1344a28021e127c8d9b6d95b188820\">Diversos estudos, como os publicados por organismos internacionais como a<strong> <a href=\"https:\/\/www.ilo.org\/\" target=\"_blank\" rel=\"noopener\">Organiza\u00e7\u00e3o Internacional do Trabalho<\/a><\/strong>, destacam que as equipas diversas, quando bem lideradas, alcan\u00e7am melhores resultados em criatividade e tomada de decis\u00e3o. No entanto, a diversidade sem uma gest\u00e3o adequada pode resultar em falta de coes\u00e3o, conflitos ou inefici\u00eancias. <\/p>\n\n<p>Por isso, a lideran\u00e7a inclusiva n\u00e3o \u00e9 apenas uma quest\u00e3o cultural, mas tamb\u00e9m<strong> um elemento-chave para garantir desempenho, bem-estar e, em \u00faltima an\u00e1lise, impulsionar a transforma\u00e7\u00e3o das organiza\u00e7\u00f5es.<\/strong><\/p>\n\n<div style=\"height:10px\" aria-hidden=\"true\" class=\"wp-block-spacer\"><\/div>\n\n<h2 class=\"wp-block-heading\">Compet\u00eancias-chave da lideran\u00e7a em ambientes diversos<\/h2>\n\n<p>Desenvolver uma lideran\u00e7a eficaz neste contexto exige ir al\u00e9m das compet\u00eancias de gest\u00e3o tradicionais e trabalhar compet\u00eancias que impactam diretamente a tomada de decis\u00e3o e a gest\u00e3o de equipas diversas.<\/p>\n\n<p><strong>Consci\u00eancia de vieses e tomada de decis\u00e3o inclusiva<\/strong>. Uma lideran\u00e7a eficaz exige a capacidade de identificar e gerir os pr\u00f3prios vieses. N\u00e3o se trata apenas de compreender a diversidade, mas de <strong>garantir que as decis\u00f5es (promo\u00e7\u00e3o, avalia\u00e7\u00e3o, atribui\u00e7\u00e3o de responsabilidades) s\u00e3o tomadas com base em crit\u00e9rios equitativos e objetivos.<\/strong>  <\/p>\n\n<p><strong>Cria\u00e7\u00e3o de seguran\u00e7a psicol\u00f3gica e comunica\u00e7\u00e3o inclusiva.<\/strong> A comunica\u00e7\u00e3o \u00e9 uma das ferramentas mais cr\u00edticas da lideran\u00e7a inclusiva. N\u00e3o se trata apenas de transmitir mensagens, mas da forma como se constroem espa\u00e7os reais de participa\u00e7\u00e3o.  <\/p>\n\n<p>Uma lideran\u00e7a eficaz deve ser capaz de:<\/p>\n\n<ul class=\"wp-block-list\">\n<li>Adaptar a linguagem e o estilo a diferentes interlocutores.<\/li>\n\n\n\n<li>Garantir que todas as vozes s\u00e3o ouvidas.<\/li>\n\n\n\n<li>Facilitar conversas abertas, mesmo em contextos de desacordo.<\/li>\n<\/ul>\n\n<p>Neste sentido, a comunica\u00e7\u00e3o inclusiva evolui para a capacidade de criar ambientes onde as pessoas se sentem seguras para opinar, questionar e contribuir. A seguran\u00e7a psicol\u00f3gica \u00e9 a base para que a diversidade se traduza em inova\u00e7\u00e3o e melhoria do desempenho. <\/p>\n\n<p><strong>Gest\u00e3o da diversidade e resolu\u00e7\u00e3o de conflitos.<\/strong> A diversidade bem gerida n\u00e3o elimina o conflito \u2014 transforma-o. Os l\u00edderes devem ser capazes de canalizar ativamente diferentes perspetivas para solu\u00e7\u00f5es mais completas, integrando o desacordo como parte do processo de tomada de decis\u00e3o.  <\/p>\n\n<p><strong>Lideran\u00e7a consciente e orienta\u00e7\u00e3o para o bem-estar. <\/strong>Em ambientes diversos, onde as realidades individuais s\u00e3o muito distintas, a lideran\u00e7a deve incorporar uma vis\u00e3o consciente sobre o impacto nas pessoas. Isto implica trabalhar aspetos como a clareza de pap\u00e9is e expectativas, a gest\u00e3o equilibrada da carga de trabalho e a preven\u00e7\u00e3o de riscos psicossociais. Uma lideran\u00e7a inclusiva \u00e9 tamb\u00e9m, necessariamente, uma lideran\u00e7a que cuida e protege.   <\/p>\n\n<p><strong>Flexibilidade e adapta\u00e7\u00e3o do estilo de lideran\u00e7a.<\/strong> N\u00e3o existe um \u00fanico modelo v\u00e1lido. A efic\u00e1cia da lideran\u00e7a reside na capacidade de adapta\u00e7\u00e3o \u00e0s pessoas, ao contexto e \u00e0 situa\u00e7\u00e3o, mantendo coer\u00eancia e alinhamento com os objetivos do neg\u00f3cio.  <\/p>\n\n<p><strong>Capacidade de traduzir a diversidade em decis\u00f5es de neg\u00f3cio. <\/strong>Para l\u00e1 do discurso, a verdadeira lideran\u00e7a inclusiva demonstra-se na pr\u00e1tica: na forma como diferentes perspetivas s\u00e3o integradas em decis\u00f5es concretas que impactam resultados, cultura e clientes. <\/p>\n\n<div style=\"height:10px\" aria-hidden=\"true\" class=\"wp-block-spacer\"><\/div>\n\n<h2 class=\"wp-block-heading\">Vantagens de impulsionar a lideran\u00e7a em ambientes diversos<\/h2>\n\n<p>Investir no desenvolvimento da <strong>lideran\u00e7a em ambientes diversos<\/strong> tem um impacto direto e mensur\u00e1vel nos resultados do neg\u00f3cio e na sustentabilidade organizacional.<\/p>\n\n<p>Por um lado, <strong>favorece a inova\u00e7\u00e3o<\/strong>, ao incorporar m\u00faltiplas perspetivas que enriquecem a gera\u00e7\u00e3o de ideias e solu\u00e7\u00f5es. Por outro, melhora a qualidade da tomada de decis\u00e3o, reduzindo vieses e ampliando a an\u00e1lise. <\/p>\n\n<p>Al\u00e9m disso, contribui de forma significativa para o <strong>bem-estar organizacional<\/strong>, ao reduzir fatores de risco psicossocial como a ambiguidade de papel, a sobrecarga ou a falta de alinhamento. Isto traduz-se em maiores n\u00edveis de compromisso, satisfa\u00e7\u00e3o e reten\u00e7\u00e3o de talento. Este impacto reflete-se n\u00e3o s\u00f3 nas pessoas, mas tamb\u00e9m na efici\u00eancia operacional e na sustentabilidade do neg\u00f3cio.  <\/p>\n\n<p>Tamb\u00e9m impacta positivamente a<strong> reputa\u00e7\u00e3o corporativa e a capacidade de atra\u00e7\u00e3o de talento<\/strong>, especialmente num contexto em que a diversidade, a equidade e a inclus\u00e3o s\u00e3o fatores cada vez mais valorizados.<\/p>\n\n<p>Por fim, permite <strong>antecipar mudan\u00e7as no contexto envolvente<\/strong>. Num mundo em constante transforma\u00e7\u00e3o, contar com equipas diversas e l\u00edderes preparados facilita a adapta\u00e7\u00e3o e a resili\u00eancia organizacional. <\/p>\n\n<div style=\"height:10px\" aria-hidden=\"true\" class=\"wp-block-spacer\"><\/div>\n\n<h2 class=\"wp-block-heading\">Como desenvolver as compet\u00eancias de lideran\u00e7a em ambientes diversos<\/h2>\n\n<p>O desenvolvimento da lideran\u00e7a em ambientes diversos requer uma abordagem estruturada, alinhada com a estrat\u00e9gia da organiza\u00e7\u00e3o e conectada com os desafios reais do neg\u00f3cio.<\/p>\n\n<p>O ponto de partida deve ser um diagn\u00f3stico que permita compreender:<\/p>\n\n<ul class=\"wp-block-list\">\n<li>O n\u00edvel de desenvolvimento das compet\u00eancias de lideran\u00e7a.<\/li>\n\n\n\n<li>A perce\u00e7\u00e3o da diversidade dentro da organiza\u00e7\u00e3o.<\/li>\n\n\n\n<li>Os principais riscos e oportunidades.<\/li>\n<\/ul>\n\n<p>A partir da\u00ed, \u00e9 essencial desenhar percursos de desenvolvimento adaptados aos diferentes n\u00edveis de responsabilidade (dire\u00e7\u00e3o, quadros interm\u00e9dios, equipas), combinando metodologias como aprendizagem experiencial, coaching e trabalho sobre situa\u00e7\u00f5es reais.<\/p>\n\n<div style=\"height:10px\" aria-hidden=\"true\" class=\"wp-block-spacer\"><\/div>\n\n<blockquote class=\"wp-block-quote is-layout-flow wp-block-quote-is-layout-flow\">\n<p class=\"has-text-align-center\"><em>\u201cAs iniciativas com maior impacto s\u00e3o aquelas que trabalham desafios reais do dia a dia, promovem a reflex\u00e3o e o autoconhecimento e asseguram a transfer\u00eancia para o posto de trabalho.\u201d<\/em><\/p>\n\n\n\n<p class=\"has-text-align-right\">Vanessa Hernanz, diretora de Forma\u00e7\u00e3o e Desenvolvimento do Talento.<\/p>\n<\/blockquote>\n\n<div style=\"height:10px\" aria-hidden=\"true\" class=\"wp-block-spacer\"><\/div>\n\n<p>Al\u00e9m disso, a lideran\u00e7a inclusiva tornou-se um elemento-chave para avan\u00e7ar em \u00e1reas de cumprimento normativo, como a diversidade LGBTI, onde n\u00e3o basta definir pol\u00edticas ou enquadramentos formais: \u00e9 imprescind\u00edvel que os l\u00edderes consigam traduzi-los em comportamentos concretos no dia a dia.<\/p>\n\n<p>Por fim, \u00e9 fundamental estabelecer indicadores que permitam medir a evolu\u00e7\u00e3o e o impacto destas iniciativas, assegurando a sua contribui\u00e7\u00e3o real para os objetivos do neg\u00f3cio.<\/p>\n\n<div style=\"height:10px\" aria-hidden=\"true\" class=\"wp-block-spacer\"><\/div>\n\n<h2 class=\"wp-block-heading\">Conclus\u00f5es<\/h2>\n\n<p>A lideran\u00e7a em ambientes diversos n\u00e3o \u00e9 uma tend\u00eancia, mas sim uma alavanca estrat\u00e9gica para organiza\u00e7\u00f5es que querem ser competitivas, sustent\u00e1veis e coerentes com os desafios atuais.<\/p>\n\n<p>No entanto, a diversidade por si s\u00f3 n\u00e3o gera valor. <strong>O verdadeiro impacto acontece quando a lideran\u00e7a consegue transformar essa diversidade em decis\u00f5es, comportamentos e cultura organizacional.<\/strong><\/p>\n\n<p>N\u00e3o basta definir pol\u00edticas ou promover iniciativas isoladas. A mudan\u00e7a real acontece no dia a dia das equipas, na forma como se lidera, se comunica e se tomam decis\u00f5es.  <strong>Porque hoje, mais do que nunca, a diferen\u00e7a n\u00e3o est\u00e1 em ter equipas diversas, mas em como essas equipas s\u00e3o lideradas.<\/strong><\/p>\n\n<p class=\"has-link-color wp-elements-dc4161ee1b164edac9c380fd0dbfe59d\">Na <strong><a href=\"https:\/\/www.psicotec.com\/pt\">Psicotec<\/a><\/strong>, contamos com uma vasta experi\u00eancia no desenho e implementa\u00e7\u00e3o de programas de desenvolvimento de lideran\u00e7a, adaptados \u00e0s necessidades espec\u00edficas de cada organiza\u00e7\u00e3o. A nossa abordagem combina ferramentas avan\u00e7adas, metodologias comprovadas e um profundo conhecimento do comportamento humano para acompanhar os nossos clientes neste processo de transforma\u00e7\u00e3o. <\/p>\n\n<p class=\"has-link-color wp-elements-7cd360fe2e1ba86cf324311eaa69cbc9\">Se a sua organiza\u00e7\u00e3o quer avan\u00e7ar e impulsionar a lideran\u00e7a em ambientes diversos e potenciar todo o seu valor, na<strong> <a href=\"https:\/\/www.psicotec.com\/pt\/solucoes\/formacao\/\">\u00c1rea de Forma\u00e7\u00e3o e Desenvolvimento da Psicotec<\/a> <\/strong>podemos ajudar a desenhar e implementar uma estrat\u00e9gia \u00e0 medida. Convidamo-lo a entrar em contacto com a nossa equipa para dar o pr\u00f3ximo passo rumo a uma lideran\u00e7a mais inclusiva, eficaz e alinhada com os desafios atuais. <\/p>\n\n<div style=\"height:10px\" aria-hidden=\"true\" class=\"wp-block-spacer\"><\/div>\n\n<div class=\"wp-block-buttons is-layout-flex wp-block-buttons-is-layout-flex\">\n<div class=\"wp-block-button\"><a class=\"wp-block-button__link has-white-color has-black-background-color has-text-color has-background has-link-color wp-element-button\" href=\"https:\/\/www.psicotec.com\/pt\/contato\/\"><strong>Entre em contato com a Psicotec aqui<\/strong><\/a><\/div>\n<\/div>\n","protected":false},"excerpt":{"rendered":"<p>Num contexto empresarial cada vez mais global, din\u00e2mico e plural, a lideran\u00e7a em ambientes diversos consolidou-se como uma prioridade estrat\u00e9gica fundamental para as organiza\u00e7\u00f5es. A diversidade \u2014 entendida num sentido amplo que abrange cultura, g\u00e9nero, gera\u00e7\u00f5es, capacidades, experi\u00eancias e formas de pensar \u2014 j\u00e1 n\u00e3o \u00e9 uma op\u00e7\u00e3o, mas sim uma realidade inerente \u00e0s equipas [&hellip;]<\/p>\n","protected":false},"author":3,"featured_media":6507,"comment_status":"closed","ping_status":"open","sticky":false,"template":"","format":"standard","meta":{"footnotes":""},"categories":[95,96],"tags":[],"class_list":["post-6539","post","type-post","status-publish","format-standard","has-post-thumbnail","hentry","category-blog-pt","category-desenvolvimento"],"_links":{"self":[{"href":"https:\/\/www.psicotec.com\/pt\/wp-json\/wp\/v2\/posts\/6539","targetHints":{"allow":["GET"]}}],"collection":[{"href":"https:\/\/www.psicotec.com\/pt\/wp-json\/wp\/v2\/posts"}],"about":[{"href":"https:\/\/www.psicotec.com\/pt\/wp-json\/wp\/v2\/types\/post"}],"author":[{"embeddable":true,"href":"https:\/\/www.psicotec.com\/pt\/wp-json\/wp\/v2\/users\/3"}],"replies":[{"embeddable":true,"href":"https:\/\/www.psicotec.com\/pt\/wp-json\/wp\/v2\/comments?post=6539"}],"version-history":[{"count":1,"href":"https:\/\/www.psicotec.com\/pt\/wp-json\/wp\/v2\/posts\/6539\/revisions"}],"predecessor-version":[{"id":6540,"href":"https:\/\/www.psicotec.com\/pt\/wp-json\/wp\/v2\/posts\/6539\/revisions\/6540"}],"wp:featuredmedia":[{"embeddable":true,"href":"https:\/\/www.psicotec.com\/pt\/wp-json\/wp\/v2\/media\/6507"}],"wp:attachment":[{"href":"https:\/\/www.psicotec.com\/pt\/wp-json\/wp\/v2\/media?parent=6539"}],"wp:term":[{"taxonomy":"category","embeddable":true,"href":"https:\/\/www.psicotec.com\/pt\/wp-json\/wp\/v2\/categories?post=6539"},{"taxonomy":"post_tag","embeddable":true,"href":"https:\/\/www.psicotec.com\/pt\/wp-json\/wp\/v2\/tags?post=6539"}],"curies":[{"name":"wp","href":"https:\/\/api.w.org\/{rel}","templated":true}]}}