{"id":2316,"date":"2025-05-26T18:45:33","date_gmt":"2025-05-26T18:45:33","guid":{"rendered":"http:\/\/www.psicotec.com\/?p=3093"},"modified":"2025-05-26T18:45:33","modified_gmt":"2025-05-26T18:45:33","slug":"psicotec-portugal-lanza-una-nueva-solucion-dirigida-al-reclutamiento-de-perfiles-tecnologicos","status":"publish","type":"post","link":"https:\/\/www.psicotec.com\/pt\/psicotec-portugal-lanza-una-nueva-solucion-dirigida-al-reclutamiento-de-perfiles-tecnologicos\/","title":{"rendered":"Psicotec Portugal lanza una nueva soluci\u00f3n dirigida al reclutamiento de perfiles tecnol\u00f3gicos"},"content":{"rendered":"<p style=\"text-align: justify;\">El reclutamiento, la selecci\u00f3n y la incorporaci\u00f3n de profesionales con competencias en el \u00e1rea de las Tecnolog\u00edas de la Informaci\u00f3n (TI) en las organizaciones, ha supuesto un desaf\u00edo especialmente complejo en lo que respecta a la alineaci\u00f3n entre las expectativas y los actuales objetivos de desarrollo de carrera de los candidatos y el contexto de evoluci\u00f3n en las organizaciones.<\/p>\n<p style=\"text-align: justify;\">Los profesionales de TI poseen algunas caracter\u00edsticas espec\u00edficas como, por ejemplo, elevados \u00edndices de autonom\u00eda en el desempe\u00f1o de sus funciones, denotan fuerte inter\u00e9s en incorporar constantemente nuevos conocimientos en lo que respecta a su \u00e1rea de expertise o pretenden desarrollar su actividad a trav\u00e9s de proyectos desafiantes, permiti\u00e9ndoles conocer nuevas realidades y nuevas \u00e1reas de negocio.<\/p>\n<p style=\"text-align: justify;\">A trav\u00e9s de decisiones estrat\u00e9gicas sobre la gesti\u00f3n de la actividad de negocio, las organizaciones integran directamente en sus plantillas un notable n\u00famero de profesionales con competencias de TI.<\/p>\n<p style=\"text-align: justify;\">Ante esta evoluci\u00f3n del perfil TI en las organizaciones, los reclutadores encuentran nuevos desaf\u00edos en la selecci\u00f3n e incorporaci\u00f3n: incorporaci\u00f3n en equipos multidisciplinares con la participaci\u00f3n de otras \u00e1reas de la organizaci\u00f3n; selecci\u00f3n del colaborador en proyectos con mayor car\u00e1cter de continuidad y alcance organizacional; necesidad de mayor especializaci\u00f3n en el \u00e1rea de negocio de la organizaci\u00f3n, garantizando el an\u00e1lisis cr\u00edtico de procesos, implementaci\u00f3n y mantenimiento.<\/p>\n<p style=\"text-align: justify;\">Psicotec propone darle soluci\u00f3n a trav\u00e9s de la siguiente metodolog\u00eda de selecci\u00f3n:<\/p>\n<ul>\n<li>An\u00e1lisis de la Organizaci\u00f3n: Desarrollo de la Matriz de an\u00e1lisis de Cultura Organizacional (CO) y del \u00e1mbito de funci\u00f3n de TI.<\/li>\n<li style=\"text-align: justify;\">Evaluaci\u00f3n del Candidato: An\u00e1lisis y evaluaci\u00f3n haciendo hincapi\u00e9 en las expectativas profesionales y objetivos de carrera.<\/li>\n<li style=\"text-align: justify;\">Decisi\u00f3n en la selecci\u00f3n: Incorporaci\u00f3n de la informaci\u00f3n en la Tool Psicotec Engage Plus (alineaci\u00f3n entre las caracter\u00edsticas del candidato y la organizaci\u00f3n) con su respectivo output de soporte a la decisi\u00f3n en la selecci\u00f3n e incorporaci\u00f3n del candidato.<\/li>\n<li style=\"text-align: justify;\">Proyecto de Desarrollo de Responsables en Gesti\u00f3n de Talento.<\/li>\n<\/ul>\n","protected":false},"excerpt":{"rendered":"<p>El reclutamiento, la selecci\u00f3n y la incorporaci\u00f3n de profesionales con competencias en el \u00e1rea de las Tecnolog\u00edas de la Informaci\u00f3n (TI) en las organizaciones, ha supuesto un desaf\u00edo especialmente complejo en lo que respecta a la alineaci\u00f3n entre las expectativas y los actuales objetivos de desarrollo de carrera de los candidatos y el contexto de [&hellip;]<\/p>\n","protected":false},"author":1,"featured_media":2317,"comment_status":"open","ping_status":"open","sticky":false,"template":"","format":"standard","meta":{"footnotes":""},"categories":[23,22],"tags":[],"class_list":["post-2316","post","type-post","status-publish","format-standard","has-post-thumbnail","hentry","category-actualidad","category-prensa"],"_links":{"self":[{"href":"https:\/\/www.psicotec.com\/pt\/wp-json\/wp\/v2\/posts\/2316","targetHints":{"allow":["GET"]}}],"collection":[{"href":"https:\/\/www.psicotec.com\/pt\/wp-json\/wp\/v2\/posts"}],"about":[{"href":"https:\/\/www.psicotec.com\/pt\/wp-json\/wp\/v2\/types\/post"}],"author":[{"embeddable":true,"href":"https:\/\/www.psicotec.com\/pt\/wp-json\/wp\/v2\/users\/1"}],"replies":[{"embeddable":true,"href":"https:\/\/www.psicotec.com\/pt\/wp-json\/wp\/v2\/comments?post=2316"}],"version-history":[{"count":1,"href":"https:\/\/www.psicotec.com\/pt\/wp-json\/wp\/v2\/posts\/2316\/revisions"}],"predecessor-version":[{"id":3540,"href":"https:\/\/www.psicotec.com\/pt\/wp-json\/wp\/v2\/posts\/2316\/revisions\/3540"}],"wp:featuredmedia":[{"embeddable":true,"href":"https:\/\/www.psicotec.com\/pt\/wp-json\/wp\/v2\/media\/2317"}],"wp:attachment":[{"href":"https:\/\/www.psicotec.com\/pt\/wp-json\/wp\/v2\/media?parent=2316"}],"wp:term":[{"taxonomy":"category","embeddable":true,"href":"https:\/\/www.psicotec.com\/pt\/wp-json\/wp\/v2\/categories?post=2316"},{"taxonomy":"post_tag","embeddable":true,"href":"https:\/\/www.psicotec.com\/pt\/wp-json\/wp\/v2\/tags?post=2316"}],"curies":[{"name":"wp","href":"https:\/\/api.w.org\/{rel}","templated":true}]}}