{"id":2304,"date":"2025-05-26T18:45:32","date_gmt":"2025-05-26T18:45:32","guid":{"rendered":"http:\/\/www.psicotec.com\/?p=3541"},"modified":"2025-05-26T18:45:32","modified_gmt":"2025-05-26T18:45:32","slug":"evento-hr-pharma","status":"publish","type":"post","link":"https:\/\/www.psicotec.com\/pt\/evento-hr-pharma\/","title":{"rendered":"El Futuro de los RR.HH. en Farma, m\u00e1s cerca con Psicotec"},"content":{"rendered":"<p><strong>El pasado 22 de marzo el Centro de Innovaci\u00f3n de BBVA en Madrid acogi\u00f3 la jornada \u201cHR &amp; Pharma: Anticip\u00e1ndonos al Futuro\u201d, organizada por Psicotec con la colaboraci\u00f3n de RRHH Digital.<\/strong><\/p>\n<p>Este encuentro reuni\u00f3 a un selecto grupo de directivos de recursos humanos de la industria farmac\u00e9utica en nuestro pa\u00eds con un ambicioso objetivo: tomar conciencia de los cambios acaecidos en los \u00faltimos a\u00f1os, y adem\u00e1s, con la voluntad de plantearse y adelantarse a los retos a los que se enfrentar\u00e1 de ahora en adelante el sector.<\/p>\n<p>Abrieron el evento M\u00aa Luisa Riob\u00f3o, <em>Directora General de Psicotec<\/em>, y Nacho Villoch, <em>Innovation Events and Activites Manager del Centro de Innovaci\u00f3n de BBVA<\/em>, tras lo cual, Juan Pedro Herrera, <em>Director General de Recursos Humanos de Lilly<\/em> comparti\u00f3 su visi\u00f3n sobre la evoluci\u00f3n del sector desde aquellos fundadores \u201caltruistas con un sue\u00f1o\u201d, hasta nuestros d\u00edas, adelantando tambi\u00e9n una pinceladas de lo que est\u00e1 por llegar.<\/p>\n<p>De su intervenci\u00f3n un par de ideas quedaron en la mente de todos los asistentes: \u201cEl reto es identificar personas \u00edntegras para puestos \u00edntegros\u201d y \u201cen RR.HH. cada vez somos m\u00e1s fuertes\u201d.<\/p>\n<p>Con esta profunda reflexi\u00f3n, se dio paso a una mesa redonda con el sugerente t\u00edtulo <u>\u201c\u00bfY ahora qu\u00e9? Nuevas tendencias de recursos humanos en el sector farma\u201d<\/u>. La mesa, con una clara orientaci\u00f3n al debate abierto, estuvo integrada por Natalia Escudero (Psicotec), Yolanda Garc\u00eda (AbbVie), Enrique\u00a0 Rodr\u00edguez, Ana Mar\u00eda Mutis (AstraZeneca), Raquel Mu\u00f1oz-Robledillo (GSK) y Ana Bragado (BMS) y moderada por Ana Toro, Jefa de Redacci\u00f3n de RRHH Digital.<\/p>\n<p>Entre otras, se destacaron las siguientes ideas:<\/p>\n<ul>\n<li>La industria farmac\u00e9utica como referente de innovaci\u00f3n.<\/li>\n<li>La importancia de las redes sociales y las nuevas tecnolog\u00edas en la selecci\u00f3n de personas.<\/li>\n<li>El orgullo de pertenencia.<\/li>\n<li>La integraci\u00f3n de diferentes generaciones dentro de la organizaci\u00f3n.<\/li>\n<li>Las competencias claves y los perfiles m\u00e1s demandados.<\/li>\n<li>Las acciones de retenci\u00f3n del talento m\u00e1s actuales.<\/li>\n<li>La visi\u00f3n estrat\u00e9gica de los recursos humanos.<\/li>\n<\/ul>\n<p>Finalmente, un peque\u00f1o desayuno brind\u00f3 la oportunidad a los asistentes para compartir experiencias e inquietudes de futuro.<\/p>\n<p>Debido al \u00e9xito de este encuentro, que colg\u00f3 el cartel de aforo completo, se organizar\u00e1 una nueva edici\u00f3n que tendr\u00e1 lugar en Barcelona. Pr\u00f3ximamente se har\u00e1n p\u00fablicas las fechas de esta edici\u00f3n as\u00ed como las principales conclusiones recogidas durante la ma\u00f1ana. Si quiere recibir m\u00e1s informaci\u00f3n al respecto, no dude en ponerse en contacto con Psicotec <span style=\"color: #0000ff;\"><a style=\"color: #0000ff;\" href=\"mailto:psicotecomunicacion@psicotec.es?subject=Informaci\u00f3n-HR_Pharma\">aqu\u00ed<\/a><\/span>.<\/p>\n<p>&nbsp;<\/p>\n","protected":false},"excerpt":{"rendered":"<p>El pasado 22 de marzo el Centro de Innovaci\u00f3n de BBVA en Madrid acogi\u00f3 la jornada \u201cHR &amp; Pharma: Anticip\u00e1ndonos al Futuro\u201d, organizada por Psicotec con la colaboraci\u00f3n de RRHH Digital. Este encuentro reuni\u00f3 a un selecto grupo de directivos de recursos humanos de la industria farmac\u00e9utica en nuestro pa\u00eds con un ambicioso objetivo: tomar [&hellip;]<\/p>\n","protected":false},"author":1,"featured_media":2305,"comment_status":"open","ping_status":"open","sticky":false,"template":"","format":"standard","meta":{"footnotes":""},"categories":[23,22],"tags":[],"class_list":["post-2304","post","type-post","status-publish","format-standard","has-post-thumbnail","hentry","category-actualidad","category-prensa"],"_links":{"self":[{"href":"https:\/\/www.psicotec.com\/pt\/wp-json\/wp\/v2\/posts\/2304","targetHints":{"allow":["GET"]}}],"collection":[{"href":"https:\/\/www.psicotec.com\/pt\/wp-json\/wp\/v2\/posts"}],"about":[{"href":"https:\/\/www.psicotec.com\/pt\/wp-json\/wp\/v2\/types\/post"}],"author":[{"embeddable":true,"href":"https:\/\/www.psicotec.com\/pt\/wp-json\/wp\/v2\/users\/1"}],"replies":[{"embeddable":true,"href":"https:\/\/www.psicotec.com\/pt\/wp-json\/wp\/v2\/comments?post=2304"}],"version-history":[{"count":1,"href":"https:\/\/www.psicotec.com\/pt\/wp-json\/wp\/v2\/posts\/2304\/revisions"}],"predecessor-version":[{"id":3537,"href":"https:\/\/www.psicotec.com\/pt\/wp-json\/wp\/v2\/posts\/2304\/revisions\/3537"}],"wp:featuredmedia":[{"embeddable":true,"href":"https:\/\/www.psicotec.com\/pt\/wp-json\/wp\/v2\/media\/2305"}],"wp:attachment":[{"href":"https:\/\/www.psicotec.com\/pt\/wp-json\/wp\/v2\/media?parent=2304"}],"wp:term":[{"taxonomy":"category","embeddable":true,"href":"https:\/\/www.psicotec.com\/pt\/wp-json\/wp\/v2\/categories?post=2304"},{"taxonomy":"post_tag","embeddable":true,"href":"https:\/\/www.psicotec.com\/pt\/wp-json\/wp\/v2\/tags?post=2304"}],"curies":[{"name":"wp","href":"https:\/\/api.w.org\/{rel}","templated":true}]}}