{"id":2214,"date":"2025-05-26T18:45:24","date_gmt":"2025-05-26T18:45:24","guid":{"rendered":"http:\/\/www.psicotec.com\/?p=5753"},"modified":"2025-05-26T18:45:24","modified_gmt":"2025-05-26T18:45:24","slug":"becas-cdti-psicotec","status":"publish","type":"post","link":"https:\/\/www.psicotec.com\/pt\/becas-cdti-psicotec\/","title":{"rendered":"El CDTI vuelve a confiar en Psicotec para sus becas de la Red Exterior 2019-2020"},"content":{"rendered":"<p>El Centro para el Desarrollo Tecnol\u00f3gico Industrial (CDTI) ha renovado su confianza en Psicotec para realizar el proceso de selecci\u00f3n de su programa de Becas de la Red Exterior.<\/p>\n<p>La entidad p\u00fablica ya ha abierto el plazo de inscripci\u00f3n para sus <strong>Becas de la Red Exterior 2019-2020<\/strong>, por las que se puede optar a un programa de formaci\u00f3n pr\u00e1ctica de <strong>24 meses en numerosos destinos a nivel mundial.<\/strong><\/p>\n<p>Este proceso durar\u00e1 de junio a octubre y convoca a todos aquellos<strong> j\u00f3venes nacidos a partir de 1991<\/strong>, con titulaci\u00f3n universitaria y un nivel de ingl\u00e9s de al menos un B2.<\/p>\n<p>Los 200 candidatos seleccionados pasar\u00e1n por una serie de bater\u00edas de <strong>pruebas psicot\u00e9cnicas e idiom\u00e1ticas<\/strong> hasta poder llegar a la fase final. En esta etapa, los 42 finalistas asistir\u00e1n durante el mes de noviembre a una formaci\u00f3n con CDTI que determinar\u00e1 los <strong>23 seleccionados\/as.<\/strong><\/p>\n<p>Aquellos que lleguen a este punto, disfrutar\u00e1n de su formaci\u00f3n pr\u00e1ctica en las Oficinas Econ\u00f3micas y Comerciales de Espa\u00f1a en el Extranjero entre <strong>enero de 2019 y diciembre de 2020.<\/strong><\/p>\n<p>Las inscripciones est\u00e1n abiertas hasta el pr\u00f3ximo 13 de julio.<br \/>\n<strong>ATENCI\u00d3N: \u00a1PLAZO DE INSCRIPCIONES AMPLIADO HASTA EL 22 DE JULIO!<\/strong><\/p>\n<p>Los\/las interesados\/as pueden inscribirse en el siguiente enlace: <span style=\"color: #0000ff;\"><strong><a style=\"color: #0000ff;\" href=\"http:\/\/www.psicotec.com\/rpo\/cdti\/\">http:\/\/www.psicotec.com\/rpo\/cdti\/<\/a><\/strong><\/span><\/p>\n","protected":false},"excerpt":{"rendered":"<p>El Centro para el Desarrollo Tecnol\u00f3gico Industrial (CDTI) ha renovado su confianza en Psicotec para realizar el proceso de selecci\u00f3n de su programa de Becas de la Red Exterior. La entidad p\u00fablica ya ha abierto el plazo de inscripci\u00f3n para sus Becas de la Red Exterior 2019-2020, por las que se puede optar a un [&hellip;]<\/p>\n","protected":false},"author":1,"featured_media":2215,"comment_status":"open","ping_status":"open","sticky":false,"template":"","format":"standard","meta":{"footnotes":""},"categories":[23,22],"tags":[],"class_list":["post-2214","post","type-post","status-publish","format-standard","has-post-thumbnail","hentry","category-actualidad","category-prensa"],"_links":{"self":[{"href":"https:\/\/www.psicotec.com\/pt\/wp-json\/wp\/v2\/posts\/2214","targetHints":{"allow":["GET"]}}],"collection":[{"href":"https:\/\/www.psicotec.com\/pt\/wp-json\/wp\/v2\/posts"}],"about":[{"href":"https:\/\/www.psicotec.com\/pt\/wp-json\/wp\/v2\/types\/post"}],"author":[{"embeddable":true,"href":"https:\/\/www.psicotec.com\/pt\/wp-json\/wp\/v2\/users\/1"}],"replies":[{"embeddable":true,"href":"https:\/\/www.psicotec.com\/pt\/wp-json\/wp\/v2\/comments?post=2214"}],"version-history":[{"count":1,"href":"https:\/\/www.psicotec.com\/pt\/wp-json\/wp\/v2\/posts\/2214\/revisions"}],"predecessor-version":[{"id":3496,"href":"https:\/\/www.psicotec.com\/pt\/wp-json\/wp\/v2\/posts\/2214\/revisions\/3496"}],"wp:featuredmedia":[{"embeddable":true,"href":"https:\/\/www.psicotec.com\/pt\/wp-json\/wp\/v2\/media\/2215"}],"wp:attachment":[{"href":"https:\/\/www.psicotec.com\/pt\/wp-json\/wp\/v2\/media?parent=2214"}],"wp:term":[{"taxonomy":"category","embeddable":true,"href":"https:\/\/www.psicotec.com\/pt\/wp-json\/wp\/v2\/categories?post=2214"},{"taxonomy":"post_tag","embeddable":true,"href":"https:\/\/www.psicotec.com\/pt\/wp-json\/wp\/v2\/tags?post=2214"}],"curies":[{"name":"wp","href":"https:\/\/api.w.org\/{rel}","templated":true}]}}